{"id":934,"date":"2009-11-02T16:18:02","date_gmt":"2009-11-02T14:18:02","guid":{"rendered":"http:\/\/kalisce.com\/blog\/?p=934"},"modified":"2009-11-02T20:19:06","modified_gmt":"2009-11-02T18:19:06","slug":"dan-reformacije","status":"publish","type":"post","link":"https:\/\/kalisce.com\/blog\/2009\/11\/02\/dan-reformacije\/","title":{"rendered":"Dan reformacije"},"content":{"rendered":"<div id=\"attachment_935\" style=\"width: 360px\" class=\"wp-caption alignleft\"><a href=\"https:\/\/kalisce.com\/blog\/foto\/2009\/091101\/index.html\"><img loading=\"lazy\" decoding=\"async\" aria-describedby=\"caption-attachment-935\" class=\"size-full wp-image-935\" title=\"Aura na Kali\u0161\u010du\" src=\"https:\/\/kalisce.com\/blog\/wp-content\/uploads\/2009\/11\/IMG_5506.JPG\" alt=\"Aura na Kali\u0161\u010du\" width=\"350\" height=\"282\" srcset=\"https:\/\/kalisce.com\/blog\/wp-content\/uploads\/2009\/11\/IMG_5506.JPG 350w, https:\/\/kalisce.com\/blog\/wp-content\/uploads\/2009\/11\/IMG_5506-150x120.jpg 150w, https:\/\/kalisce.com\/blog\/wp-content\/uploads\/2009\/11\/IMG_5506-300x241.jpg 300w\" sizes=\"(max-width: 350px) 100vw, 350px\" \/><\/a><p id=\"caption-attachment-935\" class=\"wp-caption-text\">Aura na Kali\u0161\u010du<\/p><\/div>\n<p><strong>Dan reformacije<\/strong> in <strong>Dan mrtvih<\/strong> sta se izgubila v vikendu \ud83d\ude42 \u2757 . Gore so bile zelo obiskane!<\/p>\n<p>Sobotno jutro je zaznamovala <strong>aura<\/strong>, to je zelo redek pojav mavrice v megli, ki se je prikazala na <strong>Kali\u0161\u010du<\/strong>.<\/p>\n<p>Krompirjeve po\u010ditnice so se kon\u010dale z zelo lepim vikendom, ki so ga mnogi izkoristili tudi za naskok na Stor\u017ei\u010d. <strong>Janez <\/strong>je dokumentiral izleta na <strong>Kredarico<\/strong> in <strong>Stor\u017ei\u010d<\/strong>, kjer so ga povsod spremljale kavke. <strong><a href=\"https:\/\/kalisce.com\/blog\/foto\/2009\/091101j\/index.html\">Foto<\/a><\/strong>.<\/p>\n<p>Lepo vreme so zaznamovali \u0161e lep\u0161i son\u010dni vzhodi in zahodi. Takrat imam tudi najve\u010d \u010dasa za <a href=\"https:\/\/kalisce.com\/blog\/foto\/2009\/091101\/index.html\"><strong>fotografiranje <\/strong><\/a>\ud83d\ude42 .<\/p>\n<p>Dobil sem tudi slike popravila poti iz Ba\u0161lja, kjer sta<strong> Jeler Slavc <\/strong>in<strong> Ajdovec Jo\u017ee <\/strong>napela nekaj novih \u017ei\u010dnih vrvi.<\/p>\n<p>Imamo \u017ee <strong>212 <\/strong>\u010dlanov kluba KLJUKA, od teh kar <strong>37 <\/strong>novih.<\/p>\n<p><strong><a href=\"https:\/\/kalisce.com\/blog\/foto\/2009\/091101\/index.html\">Galerija<\/a><\/strong><\/p>\n<p><strong><a href=\"https:\/\/kalisce.com\/blog\/foto\/2009\/091101j\/index.html\">Galerija <\/a><\/strong>&#8211; Janez<\/p>\n<p><strong><a style=\"color: #a0bc00; text-decoration: none;\" href=\"https:\/\/kalisce.com\/blog\/vpisi\/2009\/011109.pdf\">KLJUKA \u2013 vpisi do 1. novembra 2009<\/a><\/strong><\/p>\n","protected":false},"excerpt":{"rendered":"<p>Dan reformacije in Dan mrtvih sta se izgubila v vikendu \ud83d\ude42 \u2757 . Gore so bile zelo obiskane! Sobotno jutro je zaznamovala aura, to je zelo redek pojav mavrice v megli, ki se je prikazala na Kali\u0161\u010du. Krompirjeve po\u010ditnice so se kon\u010dale z zelo lepim vikendom, ki so ga mnogi izkoristili tudi za naskok na [&hellip;]<\/p>\n","protected":false},"author":2,"featured_media":0,"comment_status":"open","ping_status":"open","sticky":false,"template":"","format":"standard","meta":{"footnotes":""},"categories":[9,8],"tags":[],"_links":{"self":[{"href":"https:\/\/kalisce.com\/blog\/wp-json\/wp\/v2\/posts\/934"}],"collection":[{"href":"https:\/\/kalisce.com\/blog\/wp-json\/wp\/v2\/posts"}],"about":[{"href":"https:\/\/kalisce.com\/blog\/wp-json\/wp\/v2\/types\/post"}],"author":[{"embeddable":true,"href":"https:\/\/kalisce.com\/blog\/wp-json\/wp\/v2\/users\/2"}],"replies":[{"embeddable":true,"href":"https:\/\/kalisce.com\/blog\/wp-json\/wp\/v2\/comments?post=934"}],"version-history":[{"count":8,"href":"https:\/\/kalisce.com\/blog\/wp-json\/wp\/v2\/posts\/934\/revisions"}],"predecessor-version":[{"id":939,"href":"https:\/\/kalisce.com\/blog\/wp-json\/wp\/v2\/posts\/934\/revisions\/939"}],"wp:attachment":[{"href":"https:\/\/kalisce.com\/blog\/wp-json\/wp\/v2\/media?parent=934"}],"wp:term":[{"taxonomy":"category","embeddable":true,"href":"https:\/\/kalisce.com\/blog\/wp-json\/wp\/v2\/categories?post=934"},{"taxonomy":"post_tag","embeddable":true,"href":"https:\/\/kalisce.com\/blog\/wp-json\/wp\/v2\/tags?post=934"}],"curies":[{"name":"wp","href":"https:\/\/api.w.org\/{rel}","templated":true}]}}