{"id":945,"date":"2009-11-09T14:00:52","date_gmt":"2009-11-09T12:00:52","guid":{"rendered":"http:\/\/kalisce.com\/blog\/?p=945"},"modified":"2009-11-09T18:29:16","modified_gmt":"2009-11-09T16:29:16","slug":"prvi-sneg","status":"publish","type":"post","link":"https:\/\/kalisce.com\/blog\/2009\/11\/09\/prvi-sneg\/","title":{"rendered":"Prvi sneg"},"content":{"rendered":"<div id=\"attachment_946\" style=\"width: 360px\" class=\"wp-caption alignleft\"><a href=\"https:\/\/kalisce.com\/blog\/foto\/2009\/091108\/index.html\"><img loading=\"lazy\" decoding=\"async\" aria-describedby=\"caption-attachment-946\" class=\"size-full wp-image-946\" title=\"Prvi jesenski sneg\" src=\"https:\/\/kalisce.com\/blog\/wp-content\/uploads\/2009\/11\/IMG_5612.JPG\" alt=\"Prvi jesenski sneg\" width=\"350\" height=\"263\" srcset=\"https:\/\/kalisce.com\/blog\/wp-content\/uploads\/2009\/11\/IMG_5612.JPG 350w, https:\/\/kalisce.com\/blog\/wp-content\/uploads\/2009\/11\/IMG_5612-150x112.jpg 150w, https:\/\/kalisce.com\/blog\/wp-content\/uploads\/2009\/11\/IMG_5612-300x225.jpg 300w\" sizes=\"(max-width: 350px) 100vw, 350px\" \/><\/a><p id=\"caption-attachment-946\" class=\"wp-caption-text\">Prvi jesenski sneg<\/p><\/div>\n<p>Do\u010dakali smo prvi sneg! Ko sem prej\u0161njo nedeljo v toplem in son\u010dnem vremenu prinesel pod balkon lopato za sneg, so me nekateri obiskovalci malo debelo gledali \ud83d\ude2f . Le zakaj \u2753 \u00a0Zahvaljujem se vsem (posebno <strong>Igiju<\/strong>), ki so lopato uporabili med tednom za \u010di\u0161\u010denje stopnic in terase! Vse \u010distilce \u010daka nagrada za \u0161ankom!<\/p>\n<p>Petkov de\u017e je sne\u017eno odejo sicer nekoliko stanj\u0161al, ampak za za\u010detek ga je bilo dovolj &#8211; najve\u010d za blato.<\/p>\n<p>Meglen in de\u017eeven vikend so izkoristili alpinisti, ki so polagali izpite in se urili v skalah pod ko\u010do. Tokrat je ko\u010da pokala po \u0161ivih \ud83d\ude42 .<\/p>\n<p>Sonce smo videli samo v nedeljskem jutru, popoldan pa je \u017ee sne\u017eilo.<\/p>\n<p><strong>Janez <\/strong>je prispeval <strong><a href=\"https:\/\/kalisce.com\/blog\/foto\/2009\/091108\/index.html\">fotografije <\/a><\/strong>zimskega pohoda preko Fabole in Ma\u010denskega sedla. \u00a0<strong>Martinovo nedeljo<\/strong> (prvo) je po\u010dastil tudi nastop hi\u0161nega ansambla. <strong><a href=\"http:\/\/www.youtube.com\/watch?v=JOJxxVYZqbM\">Film<\/a><\/strong>.<\/p>\n<p><strong><a href=\"https:\/\/kalisce.com\/blog\/foto\/2009\/091108\/index.html\">Galerija<\/a><\/strong><\/p>\n<p><strong><a href=\"https:\/\/kalisce.com\/blog\/foto\/2009\/091108\/index.html\"><\/a><strong><a href=\"http:\/\/www.youtube.com\/watch?v=JOJxxVYZqbM\">Film<\/a><\/strong><\/strong><\/p>\n<p><strong><strong><strong><a style=\"color: #a0bc00; text-decoration: none;\" href=\"https:\/\/kalisce.com\/blog\/vpisi\/2009\/081109.pdf\">KLJUKA \u2013 vpisi do 8. novembra 2009<\/a><\/strong><\/strong><\/strong><\/p>\n","protected":false},"excerpt":{"rendered":"<p>Do\u010dakali smo prvi sneg! Ko sem prej\u0161njo nedeljo v toplem in son\u010dnem vremenu prinesel pod balkon lopato za sneg, so me nekateri obiskovalci malo debelo gledali \ud83d\ude2f . Le zakaj \u2753 \u00a0Zahvaljujem se vsem (posebno Igiju), ki so lopato uporabili med tednom za \u010di\u0161\u010denje stopnic in terase! Vse \u010distilce \u010daka nagrada za \u0161ankom! Petkov de\u017e [&hellip;]<\/p>\n","protected":false},"author":2,"featured_media":0,"comment_status":"open","ping_status":"open","sticky":false,"template":"","format":"standard","meta":{"footnotes":""},"categories":[9,8],"tags":[],"_links":{"self":[{"href":"https:\/\/kalisce.com\/blog\/wp-json\/wp\/v2\/posts\/945"}],"collection":[{"href":"https:\/\/kalisce.com\/blog\/wp-json\/wp\/v2\/posts"}],"about":[{"href":"https:\/\/kalisce.com\/blog\/wp-json\/wp\/v2\/types\/post"}],"author":[{"embeddable":true,"href":"https:\/\/kalisce.com\/blog\/wp-json\/wp\/v2\/users\/2"}],"replies":[{"embeddable":true,"href":"https:\/\/kalisce.com\/blog\/wp-json\/wp\/v2\/comments?post=945"}],"version-history":[{"count":10,"href":"https:\/\/kalisce.com\/blog\/wp-json\/wp\/v2\/posts\/945\/revisions"}],"predecessor-version":[{"id":950,"href":"https:\/\/kalisce.com\/blog\/wp-json\/wp\/v2\/posts\/945\/revisions\/950"}],"wp:attachment":[{"href":"https:\/\/kalisce.com\/blog\/wp-json\/wp\/v2\/media?parent=945"}],"wp:term":[{"taxonomy":"category","embeddable":true,"href":"https:\/\/kalisce.com\/blog\/wp-json\/wp\/v2\/categories?post=945"},{"taxonomy":"post_tag","embeddable":true,"href":"https:\/\/kalisce.com\/blog\/wp-json\/wp\/v2\/tags?post=945"}],"curies":[{"name":"wp","href":"https:\/\/api.w.org\/{rel}","templated":true}]}}