{"id":962,"date":"2009-11-16T14:15:00","date_gmt":"2009-11-16T12:15:00","guid":{"rendered":"http:\/\/kalisce.com\/blog\/?p=962"},"modified":"2009-11-16T17:29:47","modified_gmt":"2009-11-16T15:29:47","slug":"tomaza-ni-vec-med-nami","status":"publish","type":"post","link":"https:\/\/kalisce.com\/blog\/2009\/11\/16\/tomaza-ni-vec-med-nami\/","title":{"rendered":"Toma\u017ea ni ve\u010d med nami"},"content":{"rendered":"<div id=\"attachment_963\" style=\"width: 360px\" class=\"wp-caption alignleft\"><a href=\"https:\/\/kalisce.com\/blog\/foto\/2009\/091115\/index.html\"><img loading=\"lazy\" decoding=\"async\" aria-describedby=\"caption-attachment-963\" class=\"size-full wp-image-963 \" title=\"Toma\u017e Humar na Kali\u0161\u010du\" src=\"https:\/\/kalisce.com\/blog\/wp-content\/uploads\/2009\/11\/IMG_5147m.jpg\" alt=\"Toma\u017e Humar na Kali\u0161\u010du\" width=\"350\" height=\"285\" srcset=\"https:\/\/kalisce.com\/blog\/wp-content\/uploads\/2009\/11\/IMG_5147m.jpg 350w, https:\/\/kalisce.com\/blog\/wp-content\/uploads\/2009\/11\/IMG_5147m-150x122.jpg 150w, https:\/\/kalisce.com\/blog\/wp-content\/uploads\/2009\/11\/IMG_5147m-300x244.jpg 300w\" sizes=\"(max-width: 350px) 100vw, 350px\" \/><\/a><p id=\"caption-attachment-963\" class=\"wp-caption-text\">Toma\u017e Humar <\/p><\/div>\n<p>Minule dni so se misli vseh nas, ki smo <strong>Toma\u017ea <\/strong>poznali in se imeli mo\u017enost<a href=\"http:\/\/www.kalisce.com\/0708foto\/mar\/humar08\/index.html\"> z njim sre\u010dati celo na <\/a><strong><a href=\"http:\/\/www.kalisce.com\/0708foto\/mar\/humar08\/index.html\">Kali\u0161\u010du<\/a><\/strong>, vedno znova vra\u010dale nanj. Te\u017eko je razumeti, da ga ni ve\u010d med nami. Gore so lahko zelo krute. Tudi za najbolj\u0161e!<\/p>\n<p>\u017dalostnemu vzdu\u0161ju se je prilagodilo tudi vreme na Kali\u0161\u010du. Megla!<\/p>\n<p>V nedeljo se je za\u010dela <strong><a href=\"https:\/\/kalisce.com\/blog\/zimska-liga\/\">tretja sezona zimske lige<\/a><\/strong>.<\/p>\n<p><strong><a href=\"https:\/\/kalisce.com\/blog\/foto\/2009\/091115\/index.html\">Galerija<\/a><\/strong><\/p>\n<p><strong><strong><strong><strong><a style=\"color: #a0bc00; text-decoration: none;\" href=\"https:\/\/kalisce.com\/blog\/vpisi\/2009\/151109.pdf\">KLJUKA \u2013 vpisi do 15. novembra 2009<\/a><\/strong><\/strong><\/strong><\/strong><\/p>\n","protected":false},"excerpt":{"rendered":"<p>Minule dni so se misli vseh nas, ki smo Toma\u017ea poznali in se imeli mo\u017enost z njim sre\u010dati celo na Kali\u0161\u010du, vedno znova vra\u010dale nanj. Te\u017eko je razumeti, da ga ni ve\u010d med nami. Gore so lahko zelo krute. Tudi za najbolj\u0161e! \u017dalostnemu vzdu\u0161ju se je prilagodilo tudi vreme na Kali\u0161\u010du. Megla! V nedeljo se [&hellip;]<\/p>\n","protected":false},"author":2,"featured_media":0,"comment_status":"open","ping_status":"open","sticky":false,"template":"","format":"standard","meta":{"footnotes":""},"categories":[9,8,5],"tags":[],"_links":{"self":[{"href":"https:\/\/kalisce.com\/blog\/wp-json\/wp\/v2\/posts\/962"}],"collection":[{"href":"https:\/\/kalisce.com\/blog\/wp-json\/wp\/v2\/posts"}],"about":[{"href":"https:\/\/kalisce.com\/blog\/wp-json\/wp\/v2\/types\/post"}],"author":[{"embeddable":true,"href":"https:\/\/kalisce.com\/blog\/wp-json\/wp\/v2\/users\/2"}],"replies":[{"embeddable":true,"href":"https:\/\/kalisce.com\/blog\/wp-json\/wp\/v2\/comments?post=962"}],"version-history":[{"count":5,"href":"https:\/\/kalisce.com\/blog\/wp-json\/wp\/v2\/posts\/962\/revisions"}],"predecessor-version":[{"id":968,"href":"https:\/\/kalisce.com\/blog\/wp-json\/wp\/v2\/posts\/962\/revisions\/968"}],"wp:attachment":[{"href":"https:\/\/kalisce.com\/blog\/wp-json\/wp\/v2\/media?parent=962"}],"wp:term":[{"taxonomy":"category","embeddable":true,"href":"https:\/\/kalisce.com\/blog\/wp-json\/wp\/v2\/categories?post=962"},{"taxonomy":"post_tag","embeddable":true,"href":"https:\/\/kalisce.com\/blog\/wp-json\/wp\/v2\/tags?post=962"}],"curies":[{"name":"wp","href":"https:\/\/api.w.org\/{rel}","templated":true}]}}